{"id":624,"date":"2014-06-20T08:00:06","date_gmt":"2014-06-20T06:00:06","guid":{"rendered":"http:\/\/www.abueling.com\/blog\/?p=624"},"modified":"2021-03-17T14:43:43","modified_gmt":"2021-03-17T14:43:43","slug":"apellidos-maternos-herencia-olvidada","status":"publish","type":"post","link":"https:\/\/www.abueling.com\/blog\/apellidos-maternos-herencia-olvidada\/","title":{"rendered":"Los apellidos maternos: la herencia olvidada"},"content":{"rendered":"\n<p>El nombre y el apellido es un derecho b\u00e1sico de las personas a partir de su nacimiento. La identificaci\u00f3n de los indiv\u00edduos siempre ha existido en la historia, aunque se ha transformado dependiendo de la \u00e9poca y de la cultura. En el periodo de la baja edad media se formaron los apellidos como los entendemos hoy, y como los oficios, se consideraron desde su pr\u00e1ctica inicial como hereditaria.<\/p>\n\n\n\n<p>El comentario precedente nos sirve para ilustrar una situaci\u00f3n hist\u00f3rica que se centra en principios de las personas considerados hoy indiscutibles. En este caso hablamos de seres humanos, y ese derecho b\u00e1sico a la determinaci\u00f3n como ser \u201c\u00fanico\u201d no siempre ha sido un privilegio del g\u00e9nero femenino.<\/p>\n\n\n\n<p>Por lo que respecta a las <a href=\"https:\/\/www.abueling.com\/blog\/cualquier-tiempo-pasado-peor\/\" title=\"Cualquier tiempo pasado fue peor\">mujeres, desde el siglo XII<\/a>, cuando eran desposadas pasaban a adoptar el apellido del marido y perd\u00edan el paterno. Durante parte del periodo de la \u00e9poca moderna y barroca existi\u00f3 una tendencia documental de consignar este apellido de forma feminizada. Una costumbre que puede darse en la actualidad en algunas zonas de Espa\u00f1a como Mallorca. En el siglo XIX encontr\u00e1bamos un sistema de formaci\u00f3n de dos apellidos, el del marido en primer lugar y en segundo el paterno en alguna zona de L\u00e9rida.<\/p>\n\n\n\n<h2 class=\"wp-block-heading\">El orden de los apellidos en el Registro civil<\/h2>\n\n\n\n<p>La legislaci\u00f3n espa\u00f1ola a partir de la <a href=\"https:\/\/www.abueling.com\/blog\/documentos-informacion-arbol-genealogico\/\" title=\"Documentos con informaci\u00f3n para el \u00e1rbol geneal\u00f3gico\">ley del registro civil <\/a>establece esa pr\u00e1ctica del doble apellido, mientras que en otras partes europeas como la italiana o la francesa utilizan solo el &nbsp;apellido paterno, que al desposarse las mujeres perder\u00e1n. Un tratamiento discriminatorio de la mujer como ser humano individual, con los supuestos mismos derechos que el sector masculino, que ha sido atenuado en la gran mayor\u00eda de los pa\u00edses europeos. Ante estos datos, podr\u00eda reconocerse que el sistema espa\u00f1ol es m\u00e1s respetuoso con el legado onom\u00e1stico de las familias de ambos progenitores, sobre todo teniendo en cuenta que actualmente se permite que el apellido materno pueda ir en primer lugar, aunque en la pr\u00e1ctica \u00e9sta modificaci\u00f3n del orden \u201cpreestablecido\u201d se produce en casos menores y sucede siempre como algo, digamos, anecd\u00f3tico.<\/p>\n\n\n\n<p>El mecanismo mantenido hasta la actualidad es, de todos modos, la imposici\u00f3n del apellido proveniente de la rama paterna. Un formato que prioriza la herencia de la <a title=\"Origen del apellido o Historia Familiar\" href=\"https:\/\/www.abueling.com\/investigacion-genealogica\"><strong>historia familiar<\/strong> <\/a>paterna y la identificaci\u00f3n de sus miembros siguiendo la pauta masculina. Sin dudarlo, el que impera en nuestras fronteras es&nbsp;un modelo m\u00e1s laxo espero que contin\u00faa siendo un reflejo propio del sistema patriarcal.<\/p>\n\n\n\n<p>La idea de que el apellido del paterno se imponga \u00abpor defecto\u00bb frente al materno denota el <a title=\"Machismo y genealog\u00eda\" href=\"https:\/\/www.abueling.com\/blog\/machismo-genealogia\/\">machismo<\/a> a\u00fan existente en nuestra sociedad. La maternidad y la paternidad se hace constar en el acto de la inscripci\u00f3n del nacimiento, y desde el momento en que padre y madre son inscritos como progenitores, deber\u00eda de ser contemplada en igualdad de condiciones la adopci\u00f3n de un apellido u otro. La consideraci\u00f3n igualitaria de ambos sexos se producir\u00e1 en el momento en que no se d\u00e9 por natural la herencia del apellido del var\u00f3n.<\/p>\n\n\n\n<h3 class=\"wp-block-heading\">Patriarcado cultural<\/h3>\n\n\n\n<p>Un tratamiento segregacionista hacia las mujeres presupone en ellas una situaci\u00f3n de inferioridad y debilidad, un acto fortalecedor del conjunto de caracter\u00edsticas diferenciales que cada sociedad asigna al colectivo femenino y a los varones. La fijaci\u00f3n de los distintos estereotipos o arquetipos sociales se nutre de este tipo de pr\u00e1cticas institucionales para seguir alimentando ideas negativas del pasado.<\/p>\n\n\n\n<p>Una imagen directa de este orden social patriarcal es esta idea de privilegio de los apellidos. Actualmente continuamos en estos derroteros y la modificaci\u00f3n de estos \u00f3rdenes de preferencia no siempre ha sido una tarea f\u00e1cil, desde la perspectiva legal. El estatus institucional deber\u00eda&nbsp; favorecer la deconstrucci\u00f3n de este edificio simb\u00f3lico patriarcal y una de las formas esenciales ser\u00eda liberar este primer ladrillo eliminando esa pauta de presuposici\u00f3n a la hora del orden de preferencia del patron\u00edmico. En la inscripci\u00f3n del nacimiento deber\u00eda ser obligatorio la pregunta a los progenitores: \u00bfqu\u00e9 apellido ir\u00e1 en primer lugar? Con esta simple cuesti\u00f3n cambiar\u00edan muchas partes de los cimientos sociales que se inician con la modificaci\u00f3n del lenguaje.<\/p>\n\n\n\n<p>En conclusi\u00f3n, las cuestiones vinculadas a los cambios socioculturales de las sociedades siempre se inician con la modificaci\u00f3n que se ejecute del lenguaje. En primera instancia, tal mutaci\u00f3n siempre deber\u00eda realizarse primero desde el sector institucional. El cambio viene desde una esfera que tendr\u00eda que ser el modelo de la extinci\u00f3n machista del lenguaje haciendo un uso radical del mismo.<\/p>\n\n\n\n<p>Mar\u00eda Jos\u00e9 Zapater P\u00e9rez<\/p>\n","protected":false},"excerpt":{"rendered":"<p>El nombre y el apellido es un derecho b\u00e1sico de las personas a partir de su nacimiento. La identificaci\u00f3n de los indiv\u00edduos siempre ha existido en la historia, aunque se ha transformado dependiendo &hellip; <\/p>\n","protected":false},"author":2,"featured_media":551,"comment_status":"open","ping_status":"closed","sticky":false,"template":"","format":"standard","meta":{"footnotes":""},"categories":[81,108],"tags":[199,162,200],"class_list":["post-624","post","type-post","status-publish","format-standard","has-post-thumbnail","hentry","category-apellidos-2","category-curiosidades","tag-apellidos-maternos","tag-machismo","tag-registro-civil"],"aioseo_notices":[],"_links":{"self":[{"href":"https:\/\/www.abueling.com\/blog\/wp-json\/wp\/v2\/posts\/624","targetHints":{"allow":["GET"]}}],"collection":[{"href":"https:\/\/www.abueling.com\/blog\/wp-json\/wp\/v2\/posts"}],"about":[{"href":"https:\/\/www.abueling.com\/blog\/wp-json\/wp\/v2\/types\/post"}],"author":[{"embeddable":true,"href":"https:\/\/www.abueling.com\/blog\/wp-json\/wp\/v2\/users\/2"}],"replies":[{"embeddable":true,"href":"https:\/\/www.abueling.com\/blog\/wp-json\/wp\/v2\/comments?post=624"}],"version-history":[{"count":0,"href":"https:\/\/www.abueling.com\/blog\/wp-json\/wp\/v2\/posts\/624\/revisions"}],"wp:featuredmedia":[{"embeddable":true,"href":"https:\/\/www.abueling.com\/blog\/wp-json\/wp\/v2\/media\/551"}],"wp:attachment":[{"href":"https:\/\/www.abueling.com\/blog\/wp-json\/wp\/v2\/media?parent=624"}],"wp:term":[{"taxonomy":"category","embeddable":true,"href":"https:\/\/www.abueling.com\/blog\/wp-json\/wp\/v2\/categories?post=624"},{"taxonomy":"post_tag","embeddable":true,"href":"https:\/\/www.abueling.com\/blog\/wp-json\/wp\/v2\/tags?post=624"}],"curies":[{"name":"wp","href":"https:\/\/api.w.org\/{rel}","templated":true}]}}