{"id":1868,"date":"2020-04-26T17:53:18","date_gmt":"2020-04-26T17:53:18","guid":{"rendered":"https:\/\/www.abueling.com\/blog\/?p=1868"},"modified":"2021-03-17T15:38:06","modified_gmt":"2021-03-17T15:38:06","slug":"famosos-de-origen-espanol","status":"publish","type":"post","link":"https:\/\/www.abueling.com\/blog\/famosos-de-origen-espanol\/","title":{"rendered":"Famosos de origen espa\u00f1ol"},"content":{"rendered":"\n<h2 class=\"wp-block-heading\"><strong>Jeffrey Preston Bezos y Villafrech\u00f3s<\/strong><\/h2>\n\n\n\n<p>Jeffrey Preston Bezos, fundador y director ejecutivo de Amazon, considerado como la persona m\u00e1s rica del mundo, es nieto por l\u00ednea paterna de Salvador Bezos, nacido en Villafrech\u00f3s (Valladolid).<br>Salvador emigr\u00f3 a Cuba por motivos econ\u00f3micos como muchos espa\u00f1oles a principios del siglo XX, all\u00ed se cas\u00f3 y tuvo a su hijo Miguel \u00c1ngel Bezos.<br>Miguel \u00c1ngel se cas\u00f3 en Estados Unidos con Jacklyn Gise, adoptando y dando su apellido al hijo que esta hab\u00eda tenido a los 17 a\u00f1os as\u00ed que aunque no es su padre bi\u00f3logico, para Jeff Bezos, Miguel es su legal progenitor.<\/p>\n\n\n\n<div class=\"wp-block-image\"><figure class=\"aligncenter size-large\"><img fetchpriority=\"high\" decoding=\"async\" width=\"738\" height=\"314\" src=\"https:\/\/www.abueling.com\/blog\/wp-content\/uploads\/2020\/04\/image-16.png\" alt=\"Bezos de Amazon y su origen espa\u00f1ol\" class=\"wp-image-1869\" srcset=\"https:\/\/www.abueling.com\/blog\/wp-content\/uploads\/2020\/04\/image-16.png 738w, https:\/\/www.abueling.com\/blog\/wp-content\/uploads\/2020\/04\/image-16-300x128.png 300w\" sizes=\"(max-width: 738px) 100vw, 738px\" \/><figcaption>El abuelo paterno del fundador de Amazon era natural del pueblo de Villafrech\u00f3s, en la provincia de Valladolid<\/figcaption><\/figure><\/div>\n\n\n\n<p>El pueblo vallisoletano de Villafrech\u00f3s ha invitado en numerosas ocasiones al magnate para que sea el pregonero de sus fiestas patronales. El ayuntamiento tambi\u00e9n le ha ofrecido terrenos en la localidad, tanto para la edificaci\u00f3n de empresas como para la contrucci\u00f3n de alguna casa para poder pasar sus vacaciones all\u00ed. Bezos todav\u00eda no ha contestado a estas cartas, aunque el pueblo no pierde la esperanza de que cambie alg\u00fan d\u00eda de opini\u00f3n y el ejecutivo decida instalarse en el lugar de nacimiento de su familia adoptiva.<\/p>\n\n\n\n<h2 class=\"wp-block-heading\"><strong>Martin Sheen y Emilio Est\u00e9vez<\/strong><\/h2>\n\n\n\n<p>Si hablamos de Ram\u00f3n Antonio Gerardo Est\u00e9vez seguramente la mayor\u00eda no lo reconocer\u00e1, pero si nos referimos a Martin Sheen es posible que reconozcas a este gran actor.&nbsp; <br>Su padre, Francisco Est\u00e9vez Mart\u00ednez, originario del pueblo de Parderrubias en Galicia, emigr\u00f3 a Estados Unidos donde contrajo matrimonio con Mary Anne Phelan, natural de Borrisokane, condado de Tiperary en Irlanda. <\/p>\n\n\n\n<div class=\"wp-block-image\"><figure class=\"alignright size-large is-resized\"><img decoding=\"async\" src=\"https:\/\/www.abueling.com\/blog\/wp-content\/uploads\/2020\/04\/image-17.png\" alt=\"Martin Sheen descendiente de espa\u00f1oles\" class=\"wp-image-1872\" width=\"415\" srcset=\"https:\/\/www.abueling.com\/blog\/wp-content\/uploads\/2020\/04\/image-17.png 469w, https:\/\/www.abueling.com\/blog\/wp-content\/uploads\/2020\/04\/image-17-300x203.png 300w\" sizes=\"(max-width: 469px) 100vw, 469px\" \/><figcaption>Martin Sheen y Emilio Est\u00e9vez, originarios de Galicia<\/figcaption><\/figure><\/div>\n\n\n\n<p>La pareja tuvo 10 hijos y Martin ocupa el s\u00e9ptimo lugar. El actor decidi\u00f3 cambiar su nombre al encontrarse con problemas por su origen hispano, pero nunca lleg\u00f3 a modificarlo legalmente, por lo que en todos sus documentos oficiales sigue apareciendo como Ram\u00f3n Antonio Gerardo Est\u00e9vez. <br>Sheen ha deseado mantener durante toda su vida una estrecha relaci\u00f3n con tierras gallegas, que ha visitado numerosas veces y donde todav\u00eda mantiene, junto con su hermana peque\u00f1a Carmen, una finca con vivienda a la que acuden para las reuniones familiares. <\/p>\n\n\n\n<p>Mart\u00edn Sheen siempre ha llevado con orgullo su origen gallego, transmitiendo este sentimiento a su hijo tambi\u00e9n actor, director y guionista Emilio Est\u00e9vez, quien se ha declarado en varias entrevistas como \u201cEl m\u00e1s gallego de toda la familia\u201d, presumiendo en Twitter de sus vi\u00f1as y cultivos de tomates, jud\u00edas verdes y pimientos del Padr\u00f3n, todo de origen espa\u00f1ol.<\/p>\n\n\n\n<h2 class=\"wp-block-heading\"><strong>Daniel Br\u00fchl<\/strong><\/h2>\n\n\n\n<div class=\"wp-block-image\"><figure class=\"alignright size-large\"><img decoding=\"async\" width=\"415\" height=\"316\" src=\"https:\/\/www.abueling.com\/blog\/wp-content\/uploads\/2020\/04\/image-18.png\" alt=\"Daniel Br\u00fchl catal\u00e1n de Barcelona\" class=\"wp-image-1875\" srcset=\"https:\/\/www.abueling.com\/blog\/wp-content\/uploads\/2020\/04\/image-18.png 415w, https:\/\/www.abueling.com\/blog\/wp-content\/uploads\/2020\/04\/image-18-300x228.png 300w\" sizes=\"(max-width: 415px) 100vw, 415px\" \/><figcaption>Daniel Br\u00fchl, nacido en Barcelona<\/figcaption><\/figure><\/div>\n\n\n\n<p>Aunque pocos conocen este dato, el popular actor Daniel C\u00e9sar Mart\u00edn Br\u00fchl Gonz\u00e1lez es catal\u00e1n y naci\u00f3 en el popular barrio de Gracia de la ciudad de Barcelona. <br>Su padre, el director de cine Hanno Br\u00fchl, conoci\u00f3 a su madre, la profesora Marisa Gonz\u00e1lez Domingo durante su estancia en Espa\u00f1a. Tras trasladarse a Alemania donde nacieron sus dos hermanos mayores regresaron a Catalu\u00f1a por una temporada en donde naci\u00f3 Daniel, el 16 de Junio de 1978. <\/p>\n\n\n\n<p>A las pocas semanas, la familia se traslad\u00f3 de nuevo a Colonia (Alemania) en donde residieron, pero nunca dejaron de visitar nuestro pa\u00eds y cada a\u00f1o viajaban a Catalu\u00f1a para pasar las vacaciones de verano, entre la casa de Barcelona y el pueblo de Pratdip en Tarragona, de donde conserva los mejores recuerdos de su infancia.&nbsp; <\/p>\n\n\n\n<p>El actor sigue manteniendo una estrecha relaci\u00f3n con la ciudad Condal, a donde regresa siempre que puede para visitar a la familia materna, y para relajarse en su d\u00faplex, con espectaculares vistas al Tibidabo y en donde asoma una bandera del Bar\u00e7a, su equipo del alma.<\/p>\n\n\n\n<h2 class=\"wp-block-heading\"><strong>Helena Bonham Carter y Eduardo Propper de Callej\u00f3n<\/strong><\/h2>\n\n\n\n<p>La conocida actriz brit\u00e1nica, ganadora de un premio Bafta y nominada en dos ocasiones al \u00d3scar posee tambi\u00e9n or\u00edgenes espa\u00f1oles. <\/p>\n\n\n\n<div class=\"wp-block-image\"><figure class=\"alignright size-large is-resized\"><img decoding=\"async\" src=\"https:\/\/www.abueling.com\/blog\/wp-content\/uploads\/2020\/04\/image-19.png\" alt=\"Helena Bonham Carter de abuelo madrile\u00f1o\" class=\"wp-image-1877\" width=\"415\" srcset=\"https:\/\/www.abueling.com\/blog\/wp-content\/uploads\/2020\/04\/image-19.png 474w, https:\/\/www.abueling.com\/blog\/wp-content\/uploads\/2020\/04\/image-19-300x202.png 300w\" sizes=\"(max-width: 474px) 100vw, 474px\" \/><figcaption>Helena Bonham Carter y su abuelo madrile\u00f1o<\/figcaption><\/figure><\/div>\n\n\n\n<p>Su abuelo materno era el diplom\u00e1tico espa\u00f1ol Eduardo Propper de Callej\u00f3n (Madrid, 1895 \u2013 Londres, 1972) primer secretario de la embajada espa\u00f1ola en Par\u00eds en el momento que Francia fue ocupada por los nazis en la Segunda Guerra Mundial. <\/p>\n\n\n\n<p>En ese momento y sin permiso de sus superiores, el diplom\u00e1tico decidi\u00f3 emitir m\u00e1s de 30.000 visados a personas jud\u00edas para que pudieran huir a Portugal atravesando Espa\u00f1a y as\u00ed poder salvarlos del nazismo y del genocidio que se extend\u00eda por toda Europa.&nbsp;<\/p>\n\n\n\n<p>Ram\u00f3n Serrano Su\u00f1er, entonces ministro de Exteriores, al enterarse de lo que estaba realizando el diplom\u00e1tico espa\u00f1ol en Par\u00eds decidi\u00f3 destinarlo inmediatamente a Marruecos para evitar que siguiera salvando vidas jud\u00edas dada la posici\u00f3n supuestamente neutral del gobierno de Franco. <\/p>\n\n\n\n<p>En Enero de 2013, y como homenaje a su abuelo, la actriz fue nombrada miembro de la Comisi\u00f3n del Holocausto, formada por el Gobierno&nbsp; brit\u00e1nico para difundir los sucesos ocurridos contra el pueblo Jud\u00edo durante la Segunda Guerra Mundial.<\/p>\n\n\n\n<h2 class=\"wp-block-heading\"><strong>Geri Halliwell<\/strong><\/h2>\n\n\n\n<div class=\"wp-block-image\"><figure class=\"alignright size-large is-resized\"><img decoding=\"async\" src=\"https:\/\/www.abueling.com\/blog\/wp-content\/uploads\/2020\/04\/image-20.png\" alt=\"Geri Halliwell es hija de espa\u00f1ola\" class=\"wp-image-1881\" width=\"222\"\/><figcaption>Geri Halliwell tiene madre espa\u00f1ola<\/figcaption><\/figure><\/div>\n\n\n\n<p>Geraldine Estelle Horner Hidalgo, escritora, actriz, fil\u00e1ntropa y sobre todo conocida por su faceta como cantante del popular grupe Spice Girls es hija de Ana Mar\u00eda Hidalgo, natural del pueblo de Estadilla (Huesca).<\/p>\n\n\n\n<p>Su madre emigr\u00f3 a Watford (Inglaterra) donde contrajo matrimonio con Laurence Franciss Halliwell. <br>En diversas ocasiones ha venido a nuestro pa\u00eds sobre todo para visitar a su abuela M\u00e1xima, que reside en el pueblo oscense.<br> \u201cMi abuela es de Huesca, que est\u00e1 en Arag\u00f3n, es devota de la Virgen del Pilar y es una mujer fant\u00e1stica\u201d ha declarado en varias entrevistas. <\/p>\n\n\n\n<p>Aunque no domina el idioma castellano se defiende bastante bien y siempre que puede presume de sus ra\u00edces y sus <a href=\"\/investigacion-genealogica\">antepasados<\/a> espa\u00f1oles.<\/p>\n\n\n\n<h2 class=\"wp-block-heading\"><strong>Bruno Mars<\/strong><\/h2>\n\n\n\n<div class=\"wp-block-image\"><figure class=\"alignright size-large is-resized\"><img decoding=\"async\" src=\"https:\/\/www.abueling.com\/blog\/wp-content\/uploads\/2020\/04\/image-22.png\" alt=\"Bruno Mars descendiente de espa\u00f1ol\" class=\"wp-image-1887\" width=\"222\"\/><figcaption>Bruno Mars, descendiente de espa\u00f1ol<\/figcaption><\/figure><\/div>\n\n\n\n<p>Peter Gene Hern\u00e1ndez, m\u00e1s conocido como Bruno Mars, no s\u00f3lo puede presumir de ser uno de los cantantes y compositores con m\u00e1s reconocimientos y fama a nivel mundial, sino de tener unos or\u00edgenes de lo m\u00e1s variopintos. <\/p>\n\n\n\n<p>El artista naci\u00f3 en Honolul\u00fa (Hawai), su padre Peter Hern\u00e1ndez es originario de Puerto Rico y su madre Bernadette naci\u00f3 en las Islas Filipinas. <\/p>\n\n\n\n<p>Posee tambi\u00e9n antepasados naturales de Ucrania y de Hungria, pero lo m\u00e1s curioso es que si retrocedemos en su \u00e1rbol geneal\u00f3gico hasta mediados del siglo XIX, encontramos que tiene tambi\u00e9n antepasados espa\u00f1oles, concretamente de origen segoviano.<\/p>\n\n\n\n<p>Se trata de su tatarabuelo Mariano Herranz Eras nacido el d\u00eda 19 de Septiembre de 1858 y bautizado el 22 del mismo mes y a\u00f1o&nbsp;en la parroquia de Nava de la Asunci\u00f3n, un pueblo de cerca de 3000 habitantes situado a unos 40 Kil\u00f3metros de Segovia. <\/p>\n\n\n\n<p>Esta es su partida de bautismo:<\/p>\n\n\n\n<figure class=\"wp-block-image size-large\"><img decoding=\"async\" width=\"955\" height=\"935\" src=\"https:\/\/www.abueling.com\/blog\/wp-content\/uploads\/2020\/04\/partida-bautismo-tatarabuelo-bruno-mars.jpg\" alt=\"partida de bautismo del tatarabuelo espa\u00f1ol de Bruno Mars\" class=\"wp-image-1885\" srcset=\"https:\/\/www.abueling.com\/blog\/wp-content\/uploads\/2020\/04\/partida-bautismo-tatarabuelo-bruno-mars.jpg 955w, https:\/\/www.abueling.com\/blog\/wp-content\/uploads\/2020\/04\/partida-bautismo-tatarabuelo-bruno-mars-300x294.jpg 300w, https:\/\/www.abueling.com\/blog\/wp-content\/uploads\/2020\/04\/partida-bautismo-tatarabuelo-bruno-mars-768x752.jpg 768w\" sizes=\"(max-width: 955px) 100vw, 955px\" \/><figcaption>Partida de bautismo del tatarabuelo espa\u00f1ol de Bruno Mars<\/figcaption><\/figure>\n\n\n\n<h2 class=\"wp-block-heading\"><strong>Ryta Hayworth<\/strong><\/h2>\n\n\n\n<p>Es posible que poca gente conozca el origen espa\u00f1ol de esta emblem\u00e1tica actriz, considerada como la diva de Hollywood de la \u00e9poca dorada del cine de los a\u00f1os cuarenta. <br>Su nombre completo era Margarita Carmen Cansino Hayworth y naci\u00f3 el 17 de Octubre de 1918 en Brooklyn, Nueva York. Margarita (Rita) era hija del bailar\u00edn espa\u00f1ol Eduardo Cansino Reina, nacido en el pueblo sevillano de Castilleja de la Cuesta en el a\u00f1o 1895 y de Volga Margaret Hayworth, tambi\u00e9n bailarina de origen irland\u00e9s e ingl\u00e9s. <\/p>\n\n\n\n<div class=\"wp-block-image\"><figure class=\"alignright size-large is-resized\"><img decoding=\"async\" src=\"https:\/\/www.abueling.com\/blog\/wp-content\/uploads\/2020\/04\/image-23.png\" alt=\"Ryta Hayworth originaria de Sevilla\" class=\"wp-image-1891\" width=\"222\" srcset=\"https:\/\/www.abueling.com\/blog\/wp-content\/uploads\/2020\/04\/image-23.png 272w, https:\/\/www.abueling.com\/blog\/wp-content\/uploads\/2020\/04\/image-23-257x300.png 257w\" sizes=\"(max-width: 272px) 100vw, 272px\" \/><figcaption>Ryta Hayworth y su origen sevillano<\/figcaption><\/figure><\/div>\n\n\n\n<p>Tanto Eduardo como Volga emigraron a Estados Unidos, donde tuvieron tres hijos llamados Margarita, Eduardo y Vernon. <br>Pese a las numerosas veces que la famosa actriz lleg\u00f3 a visitar Espa\u00f1a en sus rodajes, presentaciones de pel\u00edculas y entrevistas, la relaci\u00f3n que tuvo con el pueblo natal de su padre y los familiares que all\u00ed resid\u00edan fue nula y, aunque en&nbsp; multitud de ocasiones recibi\u00f3 invitaciones para acudir, ella no llego a conocer nunca Castilleja de la Cuesta. <\/p>\n\n\n\n<p>El abuelo de la actriz, Antonio Cansino, fue un guitarrista de segunda fila que acompa\u00f1aba a diversos artistas de la \u00e9poca, y el padre de este (bisabuelo de Rita) era un celebre criador de caballos de la \u00e9poca, descendiente directo de jud\u00edos sefard\u00edes. <\/p>\n\n\n\n<p>Margarita Cansino se lleg\u00f3 a casar cinco veces y falleci\u00f3 arruinada en su piso de Manhattan, acompa\u00f1ada y cuidada por su hija Yasmine a causa del Alzheimer, a los 68 a\u00f1os de edad.<\/p>\n\n\n\n<h2 class=\"wp-block-heading\"><strong>Jean Reno<\/strong><\/h2>\n\n\n\n<p>Si habl\u00e1semos de Juan Moreno y&nbsp; Herrera-Jim\u00e9nez es posible que casi nadie consiga ponerle cara, pero si decimos que se trata del premiado y famoso actor franc\u00e9s Jean Reno el problema es encontrar alguien que no le conozca. <\/p>\n\n\n\n<div class=\"wp-block-image\"><figure class=\"alignright size-large is-resized\"><img decoding=\"async\" src=\"https:\/\/www.abueling.com\/blog\/wp-content\/uploads\/2020\/04\/image-24.png\" alt=\"Jean Reno tiene or\u00edgenes en C\u00e1diz\" class=\"wp-image-1893\" width=\"222\" srcset=\"https:\/\/www.abueling.com\/blog\/wp-content\/uploads\/2020\/04\/image-24.png 240w, https:\/\/www.abueling.com\/blog\/wp-content\/uploads\/2020\/04\/image-24-228x300.png 228w\" sizes=\"(max-width: 240px) 100vw, 240px\" \/><figcaption>Jean Reno tiene or\u00edgenes en C\u00e1diz<\/figcaption><\/figure><\/div>\n\n\n\n<p>Los padres del artista eran gaditanos, \u00e9l de Sanl\u00facar de Barrameda y ella de Jerez de la Frontera. <br>Huyendo de la dictadura militar de Francisco Franco, la pareja se exili\u00f3 en Casablanca (Marruecos) cuando todav\u00eda era una colonia francesa. <\/p>\n\n\n\n<p>All\u00ed naci\u00f3 Juan, o m\u00e1s conocido como Jean, el 30 de Julio de 1948. El castellano fue la lengua materna del actor y aprendi\u00f3 el \u00e1rabe y el franc\u00e9s durante su estancia en Marruecos, donde creci\u00f3 y vivi\u00f3 hasta su adolescencia. A los 17 a\u00f1os se traslad\u00f3 a Francia donde estudi\u00f3 en \u00abLe Cours Simon\u00bb, prestigiosa escuela de Arte Dr\u00e1matico. <\/p>\n\n\n\n<p>Jean Reno siempre se ha sentido muy orgulloso de sus ra\u00edces gaditanas y en el a\u00f1o 2006 recibi\u00f3 el t\u00edtulo de Hijo Adoptivo de C\u00e1diz en una emotiva ceremonia en donde entre l\u00e1grimas confes\u00f3 \u201cNo llor\u00e9 cuando Jacques Chirac me nombr\u00f3 caballero de la Legi\u00f3n de Honor y aqu\u00ed s\u00ed, en C\u00e1diz\u201d.<\/p>\n","protected":false},"excerpt":{"rendered":"<p>Jeffrey Preston Bezos y Villafrech\u00f3s Jeffrey Preston Bezos, fundador y director ejecutivo de Amazon, considerado como la persona m\u00e1s rica del mundo, es nieto por l\u00ednea paterna de Salvador Bezos, nacido en Villafrech\u00f3s &hellip; <\/p>\n","protected":false},"author":2,"featured_media":1891,"comment_status":"open","ping_status":"closed","sticky":false,"template":"","format":"standard","meta":{"footnotes":""},"categories":[108],"tags":[187,185,226,26,186],"class_list":["post-1868","post","type-post","status-publish","format-standard","has-post-thumbnail","hentry","category-curiosidades","tag-antepasados-espanoles","tag-apellidos-espanoles","tag-curiosidades-2","tag-famosos","tag-origen-espanol"],"aioseo_notices":[],"_links":{"self":[{"href":"https:\/\/www.abueling.com\/blog\/wp-json\/wp\/v2\/posts\/1868","targetHints":{"allow":["GET"]}}],"collection":[{"href":"https:\/\/www.abueling.com\/blog\/wp-json\/wp\/v2\/posts"}],"about":[{"href":"https:\/\/www.abueling.com\/blog\/wp-json\/wp\/v2\/types\/post"}],"author":[{"embeddable":true,"href":"https:\/\/www.abueling.com\/blog\/wp-json\/wp\/v2\/users\/2"}],"replies":[{"embeddable":true,"href":"https:\/\/www.abueling.com\/blog\/wp-json\/wp\/v2\/comments?post=1868"}],"version-history":[{"count":0,"href":"https:\/\/www.abueling.com\/blog\/wp-json\/wp\/v2\/posts\/1868\/revisions"}],"wp:featuredmedia":[{"embeddable":true,"href":"https:\/\/www.abueling.com\/blog\/wp-json\/wp\/v2\/media\/1891"}],"wp:attachment":[{"href":"https:\/\/www.abueling.com\/blog\/wp-json\/wp\/v2\/media?parent=1868"}],"wp:term":[{"taxonomy":"category","embeddable":true,"href":"https:\/\/www.abueling.com\/blog\/wp-json\/wp\/v2\/categories?post=1868"},{"taxonomy":"post_tag","embeddable":true,"href":"https:\/\/www.abueling.com\/blog\/wp-json\/wp\/v2\/tags?post=1868"}],"curies":[{"name":"wp","href":"https:\/\/api.w.org\/{rel}","templated":true}]}}